{"id":6460,"date":"2024-03-11T13:31:30","date_gmt":"2024-03-11T12:31:30","guid":{"rendered":"https:\/\/elixar.it\/raul-alvarez\/"},"modified":"2024-10-07T07:53:09","modified_gmt":"2024-10-07T05:53:09","slug":"raul-alvarez","status":"publish","type":"post","link":"https:\/\/elixar.it\/it\/raul-alvarez\/","title":{"rendered":"Ra\u00fal \u00c1lvarez &#8211; il FILM come SPECCHIO dell&#8217;ANIMA"},"content":{"rendered":"\n<div style=\"height:22px\" aria-hidden=\"true\" class=\"wp-block-spacer\"><\/div>\n\n<div class=\"wp-block-media-text is-stacked-on-mobile\" style=\"grid-template-columns:40% auto\"><figure class=\"wp-block-media-text__media\"><img data-recalc-dims=\"1\" loading=\"lazy\" decoding=\"async\" width=\"648\" height=\"486\" src=\"https:\/\/i0.wp.com\/elixar.it\/wp-content\/uploads\/2024\/03\/Raul-Sea.jpg?resize=648%2C486&#038;ssl=1\" alt=\"\" class=\"wp-image-6371 size-full\" srcset=\"https:\/\/i0.wp.com\/elixar.it\/wp-content\/uploads\/2024\/03\/Raul-Sea.jpg?w=648&amp;ssl=1 648w, https:\/\/i0.wp.com\/elixar.it\/wp-content\/uploads\/2024\/03\/Raul-Sea.jpg?resize=300%2C225&amp;ssl=1 300w, https:\/\/i0.wp.com\/elixar.it\/wp-content\/uploads\/2024\/03\/Raul-Sea.jpg?resize=600%2C450&amp;ssl=1 600w, https:\/\/i0.wp.com\/elixar.it\/wp-content\/uploads\/2024\/03\/Raul-Sea.jpg?resize=400%2C300&amp;ssl=1 400w, https:\/\/i0.wp.com\/elixar.it\/wp-content\/uploads\/2024\/03\/Raul-Sea.jpg?resize=200%2C150&amp;ssl=1 200w\" sizes=\"auto, (max-width: 648px) 100vw, 648px\" \/><\/figure><div class=\"wp-block-media-text__content\">\n<h4 class=\"wp-block-heading\">Ra\u00fal &amp; Elixar &#8211; collegati dall&#8217;intuizione<\/h4>\n\n\n\n<p class=\"wp-block-paragraph\"><em>Ra\u00fal spiega&#8230;<\/em><\/p>\n\n\n\n<p class=\"wp-block-paragraph\">Al momento di comprendere la visione e la missione di Elixar, sono stato affascinato dalla sua originalit\u00e0. Mi sono sentito anche toccato dalla sua attivazione tempestiva mentre il mondo sta dando alla luce una profonda Trasformazione.<\/p>\n\n\n\n<p class=\"wp-block-paragraph\">Sento una forte affinit\u00e0 nel ripristinare i nostri sensi alla consapevolezza, per riportarci \u2018ai nostri sensi\u2019, sia metaforicamente che letteralmente. In un momento in cui la societ\u00e0 sembra perdere rapidamente il senso e la coerenza, \u00e8 un&#8217;azione salutare riportarci alla sanit\u00e0 mentale.<\/p>\n<\/div><\/div>\n\n<p class=\"wp-block-paragraph\">Focalizzare l&#8217;attenzione sui sensi invita il S\u00e9 a essere guidato dall&#8217;intelligenza della nostra intuizione, informata dal risveglio dell&#8217;esperienza corporea. Questa esplorazione si apre a un meraviglioso mondo che eleva la nostra anima.<\/p>\n\n<p class=\"has-text-align-left wp-block-paragraph\">Questi sono messaggi universali che posso sostenere pienamente con tutto il cuore.<\/p>\n\n<div style=\"height:29px\" aria-hidden=\"true\" class=\"wp-block-spacer\"><\/div>\n\n<blockquote class=\"wp-block-quote is-layout-flow wp-block-quote-is-layout-flow\">\n<p class=\"has-text-align-right has-text-color has-link-color has-large-font-size wp-elements-51fa4d89be13f3e6662862f64643ad67 wp-block-paragraph\" style=\"color:#faeec2\"><em>La produzione cinematografica \u00e8 la passione della mia vita. Un&#8217;altra \u00e8 contemplare la profonda divinit\u00e0 dell&#8217;Essere Umano. Insieme, costituiscono un potente e creativo strumento di cambiamento.<\/em><\/p>\n<cite>Ra\u00fal \u00c1lvarez, Regista<\/cite><\/blockquote>\n\n<div style=\"height:22px\" aria-hidden=\"true\" class=\"wp-block-spacer\"><\/div>\n\n<div class=\"wp-block-media-text has-media-on-the-right is-stacked-on-mobile\" style=\"grid-template-columns:auto 49%\"><div class=\"wp-block-media-text__content\">\n<h4 class=\"wp-block-heading\">Ra\u00fal e i sensi<\/h4>\n\n\n\n<p class=\"wp-block-paragraph\">Fin da quando mi ricordo, mi sono sentito in una armonia particolare coi sensi.<\/p>\n\n\n\n<p class=\"wp-block-paragraph\">Professionalmente, ho scelto di focalizzare sul Cinema, un regno che porta l&#8217;incantevole alchimia di vista e suono. Un film racchiude le arti della musica, del linguaggio e dell&#8217;immagine, intrecciando un magico playground tra la realt\u00e0 che ci circonda e la creativit\u00e0 illimitata della fantasia umana.<\/p>\n<\/div><figure class=\"wp-block-media-text__media\"><img data-recalc-dims=\"1\" loading=\"lazy\" decoding=\"async\" width=\"864\" height=\"486\" src=\"https:\/\/i0.wp.com\/elixar.it\/wp-content\/uploads\/2024\/03\/LA_KITCHEN_CHPPN-ZUCHINI.jpg?resize=864%2C486&#038;ssl=1\" alt=\"\" class=\"wp-image-6381 size-full\" srcset=\"https:\/\/i0.wp.com\/elixar.it\/wp-content\/uploads\/2024\/03\/LA_KITCHEN_CHPPN-ZUCHINI.jpg?w=864&amp;ssl=1 864w, https:\/\/i0.wp.com\/elixar.it\/wp-content\/uploads\/2024\/03\/LA_KITCHEN_CHPPN-ZUCHINI.jpg?resize=300%2C169&amp;ssl=1 300w, https:\/\/i0.wp.com\/elixar.it\/wp-content\/uploads\/2024\/03\/LA_KITCHEN_CHPPN-ZUCHINI.jpg?resize=768%2C432&amp;ssl=1 768w, https:\/\/i0.wp.com\/elixar.it\/wp-content\/uploads\/2024\/03\/LA_KITCHEN_CHPPN-ZUCHINI.jpg?resize=600%2C338&amp;ssl=1 600w\" sizes=\"auto, (max-width: 864px) 100vw, 864px\" \/><\/figure><\/div>\n\n<div style=\"height:22px\" aria-hidden=\"true\" class=\"wp-block-spacer\"><\/div>\n\n<div class=\"wp-block-media-text is-stacked-on-mobile\" style=\"grid-template-columns:54% auto\"><figure class=\"wp-block-media-text__media\"><img data-recalc-dims=\"1\" loading=\"lazy\" decoding=\"async\" width=\"864\" height=\"486\" src=\"https:\/\/i0.wp.com\/elixar.it\/wp-content\/uploads\/2024\/03\/RA%40COCINA_24.jpg?resize=864%2C486&#038;ssl=1\" alt=\"\" class=\"wp-image-6389 size-full\" srcset=\"https:\/\/i0.wp.com\/elixar.it\/wp-content\/uploads\/2024\/03\/RA%40COCINA_24.jpg?w=864&amp;ssl=1 864w, https:\/\/i0.wp.com\/elixar.it\/wp-content\/uploads\/2024\/03\/RA%40COCINA_24.jpg?resize=300%2C169&amp;ssl=1 300w, https:\/\/i0.wp.com\/elixar.it\/wp-content\/uploads\/2024\/03\/RA%40COCINA_24.jpg?resize=768%2C432&amp;ssl=1 768w, https:\/\/i0.wp.com\/elixar.it\/wp-content\/uploads\/2024\/03\/RA%40COCINA_24.jpg?resize=600%2C338&amp;ssl=1 600w\" sizes=\"auto, (max-width: 864px) 100vw, 864px\" \/><\/figure><div class=\"wp-block-media-text__content\">\n<p class=\"wp-block-paragraph\">Tuttavia, la mia passione per il cibo delizioso e gli aromi esotici non \u00e8 mai svanita. Come cuoco dilettante, sono affascinato e sedotto dall&#8217;esotismo delle spezie, dagli odori e dai sapori, che mi attirano nel quotidiano. Continuo anche ad essere rapito dal linguaggio del tatto, evocando sensazioni appassionate, elettrizzanti e profonde.<\/p>\n\n\n\n<p class=\"wp-block-paragraph\">Tutti questi sono i preziosi gioielli donati dai sensi vivi, scoprendo una sensibilit\u00e0 acuita dove la mente e le parole perdono il loro controllo.<\/p>\n\n\n\n<p class=\"wp-block-paragraph\"><\/p>\n<\/div><\/div>\n\n<div style=\"height:22px\" aria-hidden=\"true\" class=\"wp-block-spacer\"><\/div>\n\n<div class=\"wp-block-media-text has-media-on-the-right is-stacked-on-mobile\" style=\"grid-template-columns:auto 27%\"><div class=\"wp-block-media-text__content\">\n<h4 class=\"wp-block-heading\">Cinema: l&#8217;opportunit\u00e0<\/h4>\n\n\n\n<p class=\"wp-block-paragraph\">Durante il liceo, ho in qualche modo realizzato che i media erano un potente catalizzatore. Storicamente, questo \u00e8 stato ripetutamente dimostrato, e oggi \u00e8 diventato un pericoloso strumento di dominio e ingiustizia. Allo stesso tempo, \u00e8 uno strumento positivo per l&#8217;educazione, la consapevolezza e l&#8217;evoluzione. Dedico la mia vita a questo scopo, affascinato dai suoi risultati.<\/p>\n<\/div><figure class=\"wp-block-media-text__media\"><img data-recalc-dims=\"1\" loading=\"lazy\" decoding=\"async\" width=\"1024\" height=\"768\" src=\"https:\/\/i0.wp.com\/elixar.it\/wp-content\/uploads\/2024\/03\/RA%40Burgos_OTS.jpg?resize=1024%2C768&#038;ssl=1\" alt=\"\" class=\"wp-image-6451 size-full\" srcset=\"https:\/\/i0.wp.com\/elixar.it\/wp-content\/uploads\/2024\/03\/RA%40Burgos_OTS.jpg?resize=1024%2C768&amp;ssl=1 1024w, https:\/\/i0.wp.com\/elixar.it\/wp-content\/uploads\/2024\/03\/RA%40Burgos_OTS.jpg?resize=300%2C225&amp;ssl=1 300w, https:\/\/i0.wp.com\/elixar.it\/wp-content\/uploads\/2024\/03\/RA%40Burgos_OTS.jpg?resize=768%2C576&amp;ssl=1 768w, https:\/\/i0.wp.com\/elixar.it\/wp-content\/uploads\/2024\/03\/RA%40Burgos_OTS.jpg?resize=1536%2C1152&amp;ssl=1 1536w, https:\/\/i0.wp.com\/elixar.it\/wp-content\/uploads\/2024\/03\/RA%40Burgos_OTS.jpg?resize=2048%2C1536&amp;ssl=1 2048w, https:\/\/i0.wp.com\/elixar.it\/wp-content\/uploads\/2024\/03\/RA%40Burgos_OTS.jpg?resize=1200%2C900&amp;ssl=1 1200w, https:\/\/i0.wp.com\/elixar.it\/wp-content\/uploads\/2024\/03\/RA%40Burgos_OTS.jpg?resize=800%2C600&amp;ssl=1 800w, https:\/\/i0.wp.com\/elixar.it\/wp-content\/uploads\/2024\/03\/RA%40Burgos_OTS.jpg?resize=600%2C450&amp;ssl=1 600w, https:\/\/i0.wp.com\/elixar.it\/wp-content\/uploads\/2024\/03\/RA%40Burgos_OTS.jpg?resize=400%2C300&amp;ssl=1 400w, https:\/\/i0.wp.com\/elixar.it\/wp-content\/uploads\/2024\/03\/RA%40Burgos_OTS.jpg?resize=200%2C150&amp;ssl=1 200w\" sizes=\"auto, (max-width: 1000px) 100vw, 1000px\" \/><\/figure><\/div>\n\n<div style=\"height:22px\" aria-hidden=\"true\" class=\"wp-block-spacer\"><\/div>\n\n<div class=\"wp-block-media-text is-stacked-on-mobile\" style=\"grid-template-columns:59% auto\"><figure class=\"wp-block-media-text__media\"><img data-recalc-dims=\"1\" loading=\"lazy\" decoding=\"async\" width=\"648\" height=\"486\" src=\"https:\/\/i0.wp.com\/elixar.it\/wp-content\/uploads\/2024\/03\/RA%40Galicia.jpg?resize=648%2C486&#038;ssl=1\" alt=\"\" class=\"wp-image-6411 size-full\" srcset=\"https:\/\/i0.wp.com\/elixar.it\/wp-content\/uploads\/2024\/03\/RA%40Galicia.jpg?w=648&amp;ssl=1 648w, https:\/\/i0.wp.com\/elixar.it\/wp-content\/uploads\/2024\/03\/RA%40Galicia.jpg?resize=300%2C225&amp;ssl=1 300w, https:\/\/i0.wp.com\/elixar.it\/wp-content\/uploads\/2024\/03\/RA%40Galicia.jpg?resize=600%2C450&amp;ssl=1 600w, https:\/\/i0.wp.com\/elixar.it\/wp-content\/uploads\/2024\/03\/RA%40Galicia.jpg?resize=400%2C300&amp;ssl=1 400w, https:\/\/i0.wp.com\/elixar.it\/wp-content\/uploads\/2024\/03\/RA%40Galicia.jpg?resize=200%2C150&amp;ssl=1 200w\" sizes=\"auto, (max-width: 648px) 100vw, 648px\" \/><\/figure><div class=\"wp-block-media-text__content\">\n<h4 class=\"wp-block-heading\">Un percorso di vita, sempre registrando<\/h4>\n\n\n\n<p class=\"wp-block-paragraph\">Ra\u00fal \u00c1lvarez \u00e8 un regista messicano-canadese con 45 anni di esperienza professionale nell\u2019ambito della reggia, la produzione e il montaggio.<\/p>\n\n\n\n<p class=\"wp-block-paragraph\">Ha operato su una vasta gamma di progetti e generi, dai documentari industriali e sociali, alle serie televisive e ai notiziari, fino ai cortometraggi e lungometraggi nazionali e internazionali, agli spot di servizio pubblico e alla pubblicit\u00e0 televisiva.<\/p>\n\n\n\n<p class=\"wp-block-paragraph\">Ha vissuto e lavorato in Canada e in Italia negli ultimi 18 e 10 anni rispettivamente.<\/p>\n<\/div><\/div>\n\n<p class=\"wp-block-paragraph\">Nel 2009 ha debuttato come regista documentarista e produttore indipendente con il lungometraggio \u2018Rinascere Nella Terra\u2019 (\u2018Land Awakening\u2019), un progetto sull&#8217;agricoltura alternativa che esplora relazioni resilienti con la Terra. Rintracciando personaggi di grande saggezza che promuovono cambiamenti sociali ed ambientali, il film \u00e8 un&#8217;avventura poetica attraverso l\u2019esuberante bellezza del Mediterraneo.<\/p>\n\n<div style=\"height:31px\" aria-hidden=\"true\" class=\"wp-block-spacer\"><\/div>\n\n<h4 class=\"wp-block-heading has-text-align-center\">Con &#8220;Voice of the Soul&#8221; (VOX), l&#8217;obiettivo ti offre nuove prospettive<\/h4>\n\n<div class=\"wp-block-media-text has-media-on-the-right is-stacked-on-mobile\" style=\"grid-template-columns:auto 44%\"><div class=\"wp-block-media-text__content\">\n<p class=\"wp-block-paragraph\">Nel 2019 Ra\u00fal lancia \u201cVoice of the Soul\u201d, un progetto originale che offre film privati e unici che promuovono la trasformazione personale. Ra\u00fal ha prodotto, diretto e montato 70 cortometraggi individuali fino ad oggi, in Italia, Spagna e Canada.<\/p>\n\n\n\n<p class=\"wp-block-paragraph\">Con il progetto VOX, unisce le sue passioni di vita per la produzione cinematografica e per l&#8217;esplorazione dell&#8217;Anima Umana.<\/p>\n<\/div><figure class=\"wp-block-media-text__media\"><img data-recalc-dims=\"1\" loading=\"lazy\" decoding=\"async\" width=\"794\" height=\"380\" src=\"https:\/\/i0.wp.com\/elixar.it\/wp-content\/uploads\/2024\/03\/VOX-BehndScen-12_crop.jpg?resize=794%2C380&#038;ssl=1\" alt=\"\" class=\"wp-image-6417 size-full\" srcset=\"https:\/\/i0.wp.com\/elixar.it\/wp-content\/uploads\/2024\/03\/VOX-BehndScen-12_crop.jpg?w=794&amp;ssl=1 794w, https:\/\/i0.wp.com\/elixar.it\/wp-content\/uploads\/2024\/03\/VOX-BehndScen-12_crop.jpg?resize=300%2C144&amp;ssl=1 300w, https:\/\/i0.wp.com\/elixar.it\/wp-content\/uploads\/2024\/03\/VOX-BehndScen-12_crop.jpg?resize=768%2C368&amp;ssl=1 768w, https:\/\/i0.wp.com\/elixar.it\/wp-content\/uploads\/2024\/03\/VOX-BehndScen-12_crop.jpg?resize=600%2C287&amp;ssl=1 600w\" sizes=\"auto, (max-width: 794px) 100vw, 794px\" \/><\/figure><\/div>\n\n<p class=\"wp-block-paragraph\">Questo progetto \u00e8 una risposta personale ai tempi molto particolari di trasformazione che stiamo vivendo oggi. Questo \u00e8 il momento di approfondire il percorso evolutivo ed entrare nell&#8217;essenza del nostro Essere. Guardarsi con una nuova prospettiva per diventare consapevoli della saggezza sempre presente dentro di s\u00e9.<\/p>\n","protected":false},"excerpt":{"rendered":"<p>Regista appassionato da sempre, Ra\u00fal aiuta a svelare la propria anima attraverso l&#8217;obiettivo della sua videocamera.<\/p>\n","protected":false},"author":144146929,"featured_media":8526,"comment_status":"open","ping_status":"open","sticky":false,"template":"wp-custom-template-tribe-posts","format":"standard","meta":{"_crdt_document":"","_jetpack_newsletter_access":"","_jetpack_dont_email_post_to_subs":false,"_jetpack_newsletter_tier_id":0,"_jetpack_memberships_contains_paywalled_content":false,"_jetpack_memberships_contains_paid_content":false,"footnotes":"","jetpack_publicize_message":"","jetpack_publicize_feature_enabled":true,"jetpack_social_post_already_shared":true,"jetpack_social_options":{"image_generator_settings":{"template":"highway","default_image_id":0,"font":"","enabled":false},"version":2},"_wpas_customize_per_network":false,"jetpack_post_was_ever_published":false},"categories":[1712],"tags":[1911,1835,1910],"class_list":["post-6460","post","type-post","status-publish","format-standard","has-post-thumbnail","hentry","category-il-cerchio-di-elixar-the-tribe","tag-anima","tag-emozione","tag-regista"],"yoast_head":"<!-- This site is optimized with the Yoast SEO plugin v27.4 - https:\/\/yoast.com\/product\/yoast-seo-wordpress\/ -->\n<title>Ra\u00fal \u00c1lvarez - il FILM come SPECCHIO dell&#039;ANIMA - Elixar<\/title>\n<meta name=\"robots\" content=\"index, follow, max-snippet:-1, max-image-preview:large, max-video-preview:-1\" \/>\n<link rel=\"canonical\" href=\"https:\/\/elixar.it\/it\/raul-alvarez\/\" \/>\n<meta property=\"og:locale\" content=\"it_IT\" \/>\n<meta property=\"og:type\" content=\"article\" \/>\n<meta property=\"og:title\" content=\"Ra\u00fal \u00c1lvarez - il FILM come SPECCHIO dell&#039;ANIMA - Elixar\" \/>\n<meta property=\"og:description\" content=\"Regista appassionato da sempre, Ra\u00fal aiuta a svelare la propria anima attraverso l&#039;obiettivo della sua videocamera.\" \/>\n<meta property=\"og:url\" content=\"https:\/\/elixar.it\/it\/raul-alvarez\/\" \/>\n<meta property=\"og:site_name\" content=\"Elixar\" \/>\n<meta property=\"article:published_time\" content=\"2024-03-11T12:31:30+00:00\" \/>\n<meta property=\"article:modified_time\" content=\"2024-10-07T05:53:09+00:00\" \/>\n<meta property=\"og:image\" content=\"https:\/\/i0.wp.com\/elixar.it\/wp-content\/uploads\/2024\/03\/Raul-on-the-road.png?fit=660%2C380&ssl=1\" \/>\n\t<meta property=\"og:image:width\" content=\"660\" \/>\n\t<meta property=\"og:image:height\" content=\"380\" \/>\n\t<meta property=\"og:image:type\" content=\"image\/png\" \/>\n<meta name=\"author\" content=\"Jezz\" \/>\n<meta name=\"twitter:card\" content=\"summary_large_image\" \/>\n<meta name=\"twitter:label1\" content=\"Scritto da\" \/>\n\t<meta name=\"twitter:data1\" content=\"Jezz\" \/>\n\t<meta name=\"twitter:label2\" content=\"Tempo di lettura stimato\" \/>\n\t<meta name=\"twitter:data2\" content=\"3 minuti\" \/>\n<script type=\"application\/ld+json\" class=\"yoast-schema-graph\">{\"@context\":\"https:\\\/\\\/schema.org\",\"@graph\":[{\"@type\":\"Article\",\"@id\":\"https:\\\/\\\/elixar.it\\\/it\\\/raul-alvarez\\\/#article\",\"isPartOf\":{\"@id\":\"https:\\\/\\\/elixar.it\\\/it\\\/raul-alvarez\\\/\"},\"author\":{\"name\":\"Jezz\",\"@id\":\"https:\\\/\\\/elixar.it\\\/it\\\/#\\\/schema\\\/person\\\/9fe4d66269634bbb4fb122669b4d31ea\"},\"headline\":\"Ra\u00fal \u00c1lvarez &#8211; il FILM come SPECCHIO dell&#8217;ANIMA\",\"datePublished\":\"2024-03-11T12:31:30+00:00\",\"dateModified\":\"2024-10-07T05:53:09+00:00\",\"mainEntityOfPage\":{\"@id\":\"https:\\\/\\\/elixar.it\\\/it\\\/raul-alvarez\\\/\"},\"wordCount\":621,\"commentCount\":0,\"publisher\":{\"@id\":\"https:\\\/\\\/elixar.it\\\/it\\\/#organization\"},\"image\":{\"@id\":\"https:\\\/\\\/elixar.it\\\/it\\\/raul-alvarez\\\/#primaryimage\"},\"thumbnailUrl\":\"https:\\\/\\\/i0.wp.com\\\/elixar.it\\\/wp-content\\\/uploads\\\/2024\\\/03\\\/Raul-on-the-road.png?fit=660%2C380&ssl=1\",\"keywords\":[\"anima\",\"emozione\",\"regista\"],\"articleSection\":[\"Il Cerchio di Elixar: The Tribe\"],\"inLanguage\":\"it-IT\",\"potentialAction\":[{\"@type\":\"CommentAction\",\"name\":\"Comment\",\"target\":[\"https:\\\/\\\/elixar.it\\\/it\\\/raul-alvarez\\\/#respond\"]}]},{\"@type\":\"WebPage\",\"@id\":\"https:\\\/\\\/elixar.it\\\/it\\\/raul-alvarez\\\/\",\"url\":\"https:\\\/\\\/elixar.it\\\/it\\\/raul-alvarez\\\/\",\"name\":\"Ra\u00fal \u00c1lvarez - il FILM come SPECCHIO dell'ANIMA - Elixar\",\"isPartOf\":{\"@id\":\"https:\\\/\\\/elixar.it\\\/it\\\/#website\"},\"primaryImageOfPage\":{\"@id\":\"https:\\\/\\\/elixar.it\\\/it\\\/raul-alvarez\\\/#primaryimage\"},\"image\":{\"@id\":\"https:\\\/\\\/elixar.it\\\/it\\\/raul-alvarez\\\/#primaryimage\"},\"thumbnailUrl\":\"https:\\\/\\\/i0.wp.com\\\/elixar.it\\\/wp-content\\\/uploads\\\/2024\\\/03\\\/Raul-on-the-road.png?fit=660%2C380&ssl=1\",\"datePublished\":\"2024-03-11T12:31:30+00:00\",\"dateModified\":\"2024-10-07T05:53:09+00:00\",\"breadcrumb\":{\"@id\":\"https:\\\/\\\/elixar.it\\\/it\\\/raul-alvarez\\\/#breadcrumb\"},\"inLanguage\":\"it-IT\",\"potentialAction\":[{\"@type\":\"ReadAction\",\"target\":[\"https:\\\/\\\/elixar.it\\\/it\\\/raul-alvarez\\\/\"]}]},{\"@type\":\"ImageObject\",\"inLanguage\":\"it-IT\",\"@id\":\"https:\\\/\\\/elixar.it\\\/it\\\/raul-alvarez\\\/#primaryimage\",\"url\":\"https:\\\/\\\/i0.wp.com\\\/elixar.it\\\/wp-content\\\/uploads\\\/2024\\\/03\\\/Raul-on-the-road.png?fit=660%2C380&ssl=1\",\"contentUrl\":\"https:\\\/\\\/i0.wp.com\\\/elixar.it\\\/wp-content\\\/uploads\\\/2024\\\/03\\\/Raul-on-the-road.png?fit=660%2C380&ssl=1\",\"width\":660,\"height\":380},{\"@type\":\"BreadcrumbList\",\"@id\":\"https:\\\/\\\/elixar.it\\\/it\\\/raul-alvarez\\\/#breadcrumb\",\"itemListElement\":[{\"@type\":\"ListItem\",\"position\":1,\"name\":\"Home\",\"item\":\"https:\\\/\\\/elixar.it\\\/it\\\/\"},{\"@type\":\"ListItem\",\"position\":2,\"name\":\"Ra\u00fal \u00c1lvarez &#8211; il FILM come SPECCHIO dell&#8217;ANIMA\"}]},{\"@type\":\"WebSite\",\"@id\":\"https:\\\/\\\/elixar.it\\\/it\\\/#website\",\"url\":\"https:\\\/\\\/elixar.it\\\/it\\\/\",\"name\":\"Elixar\",\"description\":\"activate your senses and shine\",\"publisher\":{\"@id\":\"https:\\\/\\\/elixar.it\\\/it\\\/#organization\"},\"potentialAction\":[{\"@type\":\"SearchAction\",\"target\":{\"@type\":\"EntryPoint\",\"urlTemplate\":\"https:\\\/\\\/elixar.it\\\/it\\\/?s={search_term_string}\"},\"query-input\":{\"@type\":\"PropertyValueSpecification\",\"valueRequired\":true,\"valueName\":\"search_term_string\"}}],\"inLanguage\":\"it-IT\"},{\"@type\":\"Organization\",\"@id\":\"https:\\\/\\\/elixar.it\\\/it\\\/#organization\",\"name\":\"Elixar\",\"url\":\"https:\\\/\\\/elixar.it\\\/it\\\/\",\"logo\":{\"@type\":\"ImageObject\",\"inLanguage\":\"it-IT\",\"@id\":\"https:\\\/\\\/elixar.it\\\/it\\\/#\\\/schema\\\/logo\\\/image\\\/\",\"url\":\"https:\\\/\\\/i0.wp.com\\\/elixar.it\\\/wp-content\\\/uploads\\\/2025\\\/10\\\/Color-logo-no-flame-no-background-L-Copy.png?fit=2592%2C1267&ssl=1\",\"contentUrl\":\"https:\\\/\\\/i0.wp.com\\\/elixar.it\\\/wp-content\\\/uploads\\\/2025\\\/10\\\/Color-logo-no-flame-no-background-L-Copy.png?fit=2592%2C1267&ssl=1\",\"width\":2592,\"height\":1267,\"caption\":\"Elixar\"},\"image\":{\"@id\":\"https:\\\/\\\/elixar.it\\\/it\\\/#\\\/schema\\\/logo\\\/image\\\/\"}},{\"@type\":\"Person\",\"@id\":\"https:\\\/\\\/elixar.it\\\/it\\\/#\\\/schema\\\/person\\\/9fe4d66269634bbb4fb122669b4d31ea\",\"name\":\"Jezz\",\"image\":{\"@type\":\"ImageObject\",\"inLanguage\":\"it-IT\",\"@id\":\"https:\\\/\\\/secure.gravatar.com\\\/avatar\\\/6ca8f9ad4676f4c08df5a7c8fd43302264e1c5df6ce2056a62d311e448bf0cf1?s=96&d=identicon&r=g\",\"url\":\"https:\\\/\\\/secure.gravatar.com\\\/avatar\\\/6ca8f9ad4676f4c08df5a7c8fd43302264e1c5df6ce2056a62d311e448bf0cf1?s=96&d=identicon&r=g\",\"contentUrl\":\"https:\\\/\\\/secure.gravatar.com\\\/avatar\\\/6ca8f9ad4676f4c08df5a7c8fd43302264e1c5df6ce2056a62d311e448bf0cf1?s=96&d=identicon&r=g\",\"caption\":\"Jezz\"},\"sameAs\":[\"http:\\\/\\\/elixar3.wordpress.com\"],\"url\":\"https:\\\/\\\/elixar.it\\\/it\\\/author\\\/happijezz\\\/\"}]}<\/script>\n<!-- \/ Yoast SEO plugin. -->","yoast_head_json":{"title":"Ra\u00fal \u00c1lvarez - il FILM come SPECCHIO dell'ANIMA - Elixar","robots":{"index":"index","follow":"follow","max-snippet":"max-snippet:-1","max-image-preview":"max-image-preview:large","max-video-preview":"max-video-preview:-1"},"canonical":"https:\/\/elixar.it\/it\/raul-alvarez\/","og_locale":"it_IT","og_type":"article","og_title":"Ra\u00fal \u00c1lvarez - il FILM come SPECCHIO dell'ANIMA - Elixar","og_description":"Regista appassionato da sempre, Ra\u00fal aiuta a svelare la propria anima attraverso l'obiettivo della sua videocamera.","og_url":"https:\/\/elixar.it\/it\/raul-alvarez\/","og_site_name":"Elixar","article_published_time":"2024-03-11T12:31:30+00:00","article_modified_time":"2024-10-07T05:53:09+00:00","og_image":[{"width":660,"height":380,"url":"https:\/\/i0.wp.com\/elixar.it\/wp-content\/uploads\/2024\/03\/Raul-on-the-road.png?fit=660%2C380&ssl=1","type":"image\/png"}],"author":"Jezz","twitter_card":"summary_large_image","twitter_misc":{"Scritto da":"Jezz","Tempo di lettura stimato":"3 minuti"},"schema":{"@context":"https:\/\/schema.org","@graph":[{"@type":"Article","@id":"https:\/\/elixar.it\/it\/raul-alvarez\/#article","isPartOf":{"@id":"https:\/\/elixar.it\/it\/raul-alvarez\/"},"author":{"name":"Jezz","@id":"https:\/\/elixar.it\/it\/#\/schema\/person\/9fe4d66269634bbb4fb122669b4d31ea"},"headline":"Ra\u00fal \u00c1lvarez &#8211; il FILM come SPECCHIO dell&#8217;ANIMA","datePublished":"2024-03-11T12:31:30+00:00","dateModified":"2024-10-07T05:53:09+00:00","mainEntityOfPage":{"@id":"https:\/\/elixar.it\/it\/raul-alvarez\/"},"wordCount":621,"commentCount":0,"publisher":{"@id":"https:\/\/elixar.it\/it\/#organization"},"image":{"@id":"https:\/\/elixar.it\/it\/raul-alvarez\/#primaryimage"},"thumbnailUrl":"https:\/\/i0.wp.com\/elixar.it\/wp-content\/uploads\/2024\/03\/Raul-on-the-road.png?fit=660%2C380&ssl=1","keywords":["anima","emozione","regista"],"articleSection":["Il Cerchio di Elixar: The Tribe"],"inLanguage":"it-IT","potentialAction":[{"@type":"CommentAction","name":"Comment","target":["https:\/\/elixar.it\/it\/raul-alvarez\/#respond"]}]},{"@type":"WebPage","@id":"https:\/\/elixar.it\/it\/raul-alvarez\/","url":"https:\/\/elixar.it\/it\/raul-alvarez\/","name":"Ra\u00fal \u00c1lvarez - il FILM come SPECCHIO dell'ANIMA - Elixar","isPartOf":{"@id":"https:\/\/elixar.it\/it\/#website"},"primaryImageOfPage":{"@id":"https:\/\/elixar.it\/it\/raul-alvarez\/#primaryimage"},"image":{"@id":"https:\/\/elixar.it\/it\/raul-alvarez\/#primaryimage"},"thumbnailUrl":"https:\/\/i0.wp.com\/elixar.it\/wp-content\/uploads\/2024\/03\/Raul-on-the-road.png?fit=660%2C380&ssl=1","datePublished":"2024-03-11T12:31:30+00:00","dateModified":"2024-10-07T05:53:09+00:00","breadcrumb":{"@id":"https:\/\/elixar.it\/it\/raul-alvarez\/#breadcrumb"},"inLanguage":"it-IT","potentialAction":[{"@type":"ReadAction","target":["https:\/\/elixar.it\/it\/raul-alvarez\/"]}]},{"@type":"ImageObject","inLanguage":"it-IT","@id":"https:\/\/elixar.it\/it\/raul-alvarez\/#primaryimage","url":"https:\/\/i0.wp.com\/elixar.it\/wp-content\/uploads\/2024\/03\/Raul-on-the-road.png?fit=660%2C380&ssl=1","contentUrl":"https:\/\/i0.wp.com\/elixar.it\/wp-content\/uploads\/2024\/03\/Raul-on-the-road.png?fit=660%2C380&ssl=1","width":660,"height":380},{"@type":"BreadcrumbList","@id":"https:\/\/elixar.it\/it\/raul-alvarez\/#breadcrumb","itemListElement":[{"@type":"ListItem","position":1,"name":"Home","item":"https:\/\/elixar.it\/it\/"},{"@type":"ListItem","position":2,"name":"Ra\u00fal \u00c1lvarez &#8211; il FILM come SPECCHIO dell&#8217;ANIMA"}]},{"@type":"WebSite","@id":"https:\/\/elixar.it\/it\/#website","url":"https:\/\/elixar.it\/it\/","name":"Elixar","description":"activate your senses and shine","publisher":{"@id":"https:\/\/elixar.it\/it\/#organization"},"potentialAction":[{"@type":"SearchAction","target":{"@type":"EntryPoint","urlTemplate":"https:\/\/elixar.it\/it\/?s={search_term_string}"},"query-input":{"@type":"PropertyValueSpecification","valueRequired":true,"valueName":"search_term_string"}}],"inLanguage":"it-IT"},{"@type":"Organization","@id":"https:\/\/elixar.it\/it\/#organization","name":"Elixar","url":"https:\/\/elixar.it\/it\/","logo":{"@type":"ImageObject","inLanguage":"it-IT","@id":"https:\/\/elixar.it\/it\/#\/schema\/logo\/image\/","url":"https:\/\/i0.wp.com\/elixar.it\/wp-content\/uploads\/2025\/10\/Color-logo-no-flame-no-background-L-Copy.png?fit=2592%2C1267&ssl=1","contentUrl":"https:\/\/i0.wp.com\/elixar.it\/wp-content\/uploads\/2025\/10\/Color-logo-no-flame-no-background-L-Copy.png?fit=2592%2C1267&ssl=1","width":2592,"height":1267,"caption":"Elixar"},"image":{"@id":"https:\/\/elixar.it\/it\/#\/schema\/logo\/image\/"}},{"@type":"Person","@id":"https:\/\/elixar.it\/it\/#\/schema\/person\/9fe4d66269634bbb4fb122669b4d31ea","name":"Jezz","image":{"@type":"ImageObject","inLanguage":"it-IT","@id":"https:\/\/secure.gravatar.com\/avatar\/6ca8f9ad4676f4c08df5a7c8fd43302264e1c5df6ce2056a62d311e448bf0cf1?s=96&d=identicon&r=g","url":"https:\/\/secure.gravatar.com\/avatar\/6ca8f9ad4676f4c08df5a7c8fd43302264e1c5df6ce2056a62d311e448bf0cf1?s=96&d=identicon&r=g","contentUrl":"https:\/\/secure.gravatar.com\/avatar\/6ca8f9ad4676f4c08df5a7c8fd43302264e1c5df6ce2056a62d311e448bf0cf1?s=96&d=identicon&r=g","caption":"Jezz"},"sameAs":["http:\/\/elixar3.wordpress.com"],"url":"https:\/\/elixar.it\/it\/author\/happijezz\/"}]}},"jetpack_publicize_connections":[],"jetpack_featured_media_url":"https:\/\/i0.wp.com\/elixar.it\/wp-content\/uploads\/2024\/03\/Raul-on-the-road.png?fit=660%2C380&ssl=1","jetpack_sharing_enabled":true,"jetpack_likes_enabled":true,"jetpack_shortlink":"https:\/\/wp.me\/peVjk8-1Gc","jetpack-related-posts":[],"_links":{"self":[{"href":"https:\/\/elixar.it\/it\/wp-json\/wp\/v2\/posts\/6460","targetHints":{"allow":["GET"]}}],"collection":[{"href":"https:\/\/elixar.it\/it\/wp-json\/wp\/v2\/posts"}],"about":[{"href":"https:\/\/elixar.it\/it\/wp-json\/wp\/v2\/types\/post"}],"author":[{"embeddable":true,"href":"https:\/\/elixar.it\/it\/wp-json\/wp\/v2\/users\/144146929"}],"replies":[{"embeddable":true,"href":"https:\/\/elixar.it\/it\/wp-json\/wp\/v2\/comments?post=6460"}],"version-history":[{"count":3,"href":"https:\/\/elixar.it\/it\/wp-json\/wp\/v2\/posts\/6460\/revisions"}],"predecessor-version":[{"id":9012,"href":"https:\/\/elixar.it\/it\/wp-json\/wp\/v2\/posts\/6460\/revisions\/9012"}],"wp:featuredmedia":[{"embeddable":true,"href":"https:\/\/elixar.it\/it\/wp-json\/wp\/v2\/media\/8526"}],"wp:attachment":[{"href":"https:\/\/elixar.it\/it\/wp-json\/wp\/v2\/media?parent=6460"}],"wp:term":[{"taxonomy":"category","embeddable":true,"href":"https:\/\/elixar.it\/it\/wp-json\/wp\/v2\/categories?post=6460"},{"taxonomy":"post_tag","embeddable":true,"href":"https:\/\/elixar.it\/it\/wp-json\/wp\/v2\/tags?post=6460"}],"curies":[{"name":"wp","href":"https:\/\/api.w.org\/{rel}","templated":true}]}}